{"id":4900,"date":"2024-08-07T21:55:00","date_gmt":"2024-08-07T19:55:00","guid":{"rendered":"https:\/\/enfamataya.org\/?p=4900"},"modified":"2024-09-02T18:20:57","modified_gmt":"2024-09-02T16:20:57","slug":"george-melies-l-amoureux-de-la-lune","status":"publish","type":"post","link":"https:\/\/enfamataya.org\/index.php\/george-melies-l-amoureux-de-la-lune\/","title":{"rendered":"Th\u00e8me astral de George M\u00e9li\u00e8s, l\u2019amoureux de la Lune"},"content":{"rendered":"\t\t<div data-elementor-type=\"wp-post\" data-elementor-id=\"4900\" class=\"elementor elementor-4900\" data-elementor-post-type=\"post\">\n\t\t\t\t<div class=\"elementor-element elementor-element-54035d58 e-flex e-con-boxed e-con e-parent\" data-id=\"54035d58\" data-element_type=\"container\">\n\t\t\t\t\t<div class=\"e-con-inner\">\n\t\t\t\t<div class=\"elementor-element elementor-element-25f4be5 elementor-icon-list--layout-traditional elementor-list-item-link-full_width elementor-widget elementor-widget-icon-list\" data-id=\"25f4be5\" data-element_type=\"widget\" data-widget_type=\"icon-list.default\">\n\t\t\t\t<div class=\"elementor-widget-container\">\n\t\t\t\t\t<ul class=\"elementor-icon-list-items\">\n\t\t\t\t\t\t\t<li class=\"elementor-icon-list-item\">\n\t\t\t\t\t\t\t\t\t\t\t<span class=\"elementor-icon-list-icon\">\n\t\t\t\t\t\t\t<svg aria-hidden=\"true\" class=\"e-font-icon-svg e-fas-hourglass-half\" viewBox=\"0 0 384 512\" xmlns=\"http:\/\/www.w3.org\/2000\/svg\"><path d=\"M360 0H24C10.745 0 0 10.745 0 24v16c0 13.255 10.745 24 24 24 0 90.965 51.016 167.734 120.842 192C75.016 280.266 24 357.035 24 448c-13.255 0-24 10.745-24 24v16c0 13.255 10.745 24 24 24h336c13.255 0 24-10.745 24-24v-16c0-13.255-10.745-24-24-24 0-90.965-51.016-167.734-120.842-192C308.984 231.734 360 154.965 360 64c13.255 0 24-10.745 24-24V24c0-13.255-10.745-24-24-24zm-75.078 384H99.08c17.059-46.797 52.096-80 92.92-80 40.821 0 75.862 33.196 92.922 80zm.019-256H99.078C91.988 108.548 88 86.748 88 64h208c0 22.805-3.987 44.587-11.059 64z\"><\/path><\/svg>\t\t\t\t\t\t<\/span>\n\t\t\t\t\t\t\t\t\t\t<span class=\"elementor-icon-list-text\">Temps de lecture  3mn<\/span>\n\t\t\t\t\t\t\t\t\t<\/li>\n\t\t\t\t\t\t<\/ul>\n\t\t\t\t<\/div>\n\t\t\t\t<\/div>\n\t\t\t\t<div class=\"elementor-element elementor-element-50ae88e elementor-widget elementor-widget-spacer\" data-id=\"50ae88e\" data-element_type=\"widget\" data-widget_type=\"spacer.default\">\n\t\t\t\t<div class=\"elementor-widget-container\">\n\t\t\t<style>\/*! elementor - v3.23.0 - 05-08-2024 *\/\n.elementor-column .elementor-spacer-inner{height:var(--spacer-size)}.e-con{--container-widget-width:100%}.e-con-inner>.elementor-widget-spacer,.e-con>.elementor-widget-spacer{width:var(--container-widget-width,var(--spacer-size));--align-self:var(--container-widget-align-self,initial);--flex-shrink:0}.e-con-inner>.elementor-widget-spacer>.elementor-widget-container,.e-con>.elementor-widget-spacer>.elementor-widget-container{height:100%;width:100%}.e-con-inner>.elementor-widget-spacer>.elementor-widget-container>.elementor-spacer,.e-con>.elementor-widget-spacer>.elementor-widget-container>.elementor-spacer{height:100%}.e-con-inner>.elementor-widget-spacer>.elementor-widget-container>.elementor-spacer>.elementor-spacer-inner,.e-con>.elementor-widget-spacer>.elementor-widget-container>.elementor-spacer>.elementor-spacer-inner{height:var(--container-widget-height,var(--spacer-size))}.e-con-inner>.elementor-widget-spacer.elementor-widget-empty,.e-con>.elementor-widget-spacer.elementor-widget-empty{position:relative;min-height:22px;min-width:22px}.e-con-inner>.elementor-widget-spacer.elementor-widget-empty .elementor-widget-empty-icon,.e-con>.elementor-widget-spacer.elementor-widget-empty .elementor-widget-empty-icon{position:absolute;top:0;bottom:0;left:0;right:0;margin:auto;padding:0;width:22px;height:22px}<\/style>\t\t<div class=\"elementor-spacer\">\n\t\t\t<div class=\"elementor-spacer-inner\"><\/div>\n\t\t<\/div>\n\t\t\t\t<\/div>\n\t\t\t\t<\/div>\n\t\t\t\t<div class=\"elementor-element elementor-element-76a0516e elementor-widget elementor-widget-text-editor\" data-id=\"76a0516e\" data-element_type=\"widget\" data-widget_type=\"text-editor.default\">\n\t\t\t\t<div class=\"elementor-widget-container\">\n\t\t\t<style>\/*! elementor - v3.23.0 - 05-08-2024 *\/\n.elementor-widget-text-editor.elementor-drop-cap-view-stacked .elementor-drop-cap{background-color:#69727d;color:#fff}.elementor-widget-text-editor.elementor-drop-cap-view-framed .elementor-drop-cap{color:#69727d;border:3px solid;background-color:transparent}.elementor-widget-text-editor:not(.elementor-drop-cap-view-default) .elementor-drop-cap{margin-top:8px}.elementor-widget-text-editor:not(.elementor-drop-cap-view-default) .elementor-drop-cap-letter{width:1em;height:1em}.elementor-widget-text-editor .elementor-drop-cap{float:left;text-align:center;line-height:1;font-size:50px}.elementor-widget-text-editor .elementor-drop-cap-letter{display:inline-block}<\/style>\t\t\t\t<h2><strong>George M\u00e9li\u00e8s, l\u2019amoureux de la Lune <\/strong><\/h2>\t\t\t\t\t\t<\/div>\n\t\t\t\t<\/div>\n\t\t\t\t<div class=\"elementor-element elementor-element-12634783 elementor-widget elementor-widget-text-editor\" data-id=\"12634783\" data-element_type=\"widget\" data-widget_type=\"text-editor.default\">\n\t\t\t\t<div class=\"elementor-widget-container\">\n\t\t\t\t\t\t\t<p style=\"text-align: justify;\">L&rsquo;homme qui sera c\u00e9l\u00e9br\u00e9 dans les films <strong>Hugo Cabret<\/strong> et <strong>Jack et la m\u00e9canique du coeur<\/strong> est un des pionniers du cin\u00e9ma. N&rsquo;\u00e9tant pas, selon ses propres dires, tr\u00e8s dou\u00e9 pour les affaires, il militera surtout pour la place des <strong>cr\u00e9ateurs<\/strong> dans le <strong>7\u00e8me art<\/strong>.<\/p>\t\t\t\t\t\t<\/div>\n\t\t\t\t<\/div>\n\t\t\t\t\t<\/div>\n\t\t\t\t<\/div>\n\t\t<div class=\"elementor-element elementor-element-300315a3 e-flex e-con-boxed e-con e-parent\" data-id=\"300315a3\" data-element_type=\"container\">\n\t\t\t\t\t<div class=\"e-con-inner\">\n\t\t<div class=\"elementor-element elementor-element-3aa1ad62 e-con-full e-flex e-con e-child\" data-id=\"3aa1ad62\" data-element_type=\"container\">\n\t\t\t\t<div class=\"elementor-element elementor-element-3840fd15 elementor-widget__width-initial elementor-widget elementor-widget-image\" data-id=\"3840fd15\" data-element_type=\"widget\" data-widget_type=\"image.default\">\n\t\t\t\t<div class=\"elementor-widget-container\">\n\t\t\t<style>\/*! elementor - v3.23.0 - 05-08-2024 *\/\n.elementor-widget-image{text-align:center}.elementor-widget-image a{display:inline-block}.elementor-widget-image a img[src$=\".svg\"]{width:48px}.elementor-widget-image img{vertical-align:middle;display:inline-block}<\/style>\t\t\t\t\t\t\t\t\t\t<img fetchpriority=\"high\" decoding=\"async\" width=\"500\" height=\"414\" src=\"https:\/\/enfamataya.org\/wp-content\/uploads\/Portrait-de-George-Melies.jpg\" class=\"attachment-large size-large wp-image-4902\" alt=\"\" srcset=\"https:\/\/enfamataya.org\/wp-content\/uploads\/Portrait-de-George-Melies.jpg 500w, https:\/\/enfamataya.org\/wp-content\/uploads\/Portrait-de-George-Melies-300x248.jpg 300w\" sizes=\"(max-width: 500px) 100vw, 500px\" \/>\t\t\t\t\t\t\t\t\t\t\t\t\t<\/div>\n\t\t\t\t<\/div>\n\t\t\t\t<\/div>\n\t\t\t\t<div class=\"elementor-element elementor-element-1446f22c elementor-widget__width-initial elementor-widget-mobile__width-initial elementor-widget elementor-widget-text-editor\" data-id=\"1446f22c\" data-element_type=\"widget\" data-widget_type=\"text-editor.default\">\n\t\t\t\t<div class=\"elementor-widget-container\">\n\t\t\t\t\t\t\t<p><strong>George M\u00e9li\u00e8s<\/strong> nait le 8 d\u00e9cembre 1861 \u00e0 0h05 \u00e0 Paris<\/p><p>Apports : <strong>enchantement, po\u00e9sie, pr\u00e9curseur du cin\u00e9ma<\/strong><\/p><p>Principaux Moyens : <strong>cin\u00e9aste, acteur, illusionniste, dessinateur, peintre, m\u00e9canicien<\/strong><\/p><p>Ce qui l&rsquo;aide \/ d\u00e9fis\u00a0: <strong><a href=\"https:\/\/enfamataya.org\/index.php\/comprendre-l-astrologie\/#Grand-Trine\">Grand Trine d&rsquo;Eau<\/a><\/strong><\/p>\t\t\t\t\t\t<\/div>\n\t\t\t\t<\/div>\n\t\t\t\t\t<\/div>\n\t\t\t\t<\/div>\n\t\t<div class=\"elementor-element elementor-element-52775cdc e-flex e-con-boxed e-con e-parent\" data-id=\"52775cdc\" data-element_type=\"container\">\n\t\t\t\t\t<div class=\"e-con-inner\">\n\t\t\t\t<div class=\"elementor-element elementor-element-7a70c9a0 elementor-widget elementor-widget-text-editor\" data-id=\"7a70c9a0\" data-element_type=\"widget\" data-widget_type=\"text-editor.default\">\n\t\t\t\t<div class=\"elementor-widget-container\">\n\t\t\t\t\t\t\t<p><em>Blog enfamataya : quand le symbolisme des astres s&rsquo;\u00e9claire \u00e0 travers le <a href=\"https:\/\/enfamataya.org\/index.php\/blog\/\">portrait de quelques personnes inspirantes<\/a>&#8230;<\/em><\/p>\t\t\t\t\t\t<\/div>\n\t\t\t\t<\/div>\n\t\t\t\t\t<\/div>\n\t\t\t\t<\/div>\n\t\t<div class=\"elementor-element elementor-element-6ae4af62 e-flex e-con-boxed e-con e-parent\" data-id=\"6ae4af62\" data-element_type=\"container\">\n\t\t\t\t\t<div class=\"e-con-inner\">\n\t\t\t\t<div class=\"elementor-element elementor-element-7ee48c3a elementor-widget elementor-widget-text-editor\" data-id=\"7ee48c3a\" data-element_type=\"widget\" data-widget_type=\"text-editor.default\">\n\t\t\t\t<div class=\"elementor-widget-container\">\n\t\t\t\t\t\t\t<h3><strong>George M\u00e9li\u00e8s s&rsquo;est construit avec&#8230;<\/strong><\/h3><p style=\"text-align: justify;\">Jean-Eug\u00e8ne Robert-<strong>Houdin<\/strong>, prestidigitateur et cr\u00e9ateur d&rsquo;automates, dont il reprend le th\u00e9\u00e2tre \u00e0 Paris.\u00a0 les Fr\u00e8res <strong>Lumi\u00e8re<\/strong> et <strong>Charles Path\u00e9<\/strong>, eux aussi pr\u00e9curseurs du cin\u00e9ma. Eug\u00e9nie Genin sa premi\u00e8re femme,<strong> Jehanne<\/strong><b> d&rsquo;Alcy<\/b> actrice principale de ses films qu&rsquo;il \u00e9pouse en 1925.<\/p>\t\t\t\t\t\t<\/div>\n\t\t\t\t<\/div>\n\t\t\t\t\t<\/div>\n\t\t\t\t<\/div>\n\t\t<div class=\"elementor-element elementor-element-c24a4d3 e-flex e-con-boxed e-con e-parent\" data-id=\"c24a4d3\" data-element_type=\"container\">\n\t\t\t\t\t<div class=\"e-con-inner\">\n\t\t\t\t<div class=\"elementor-element elementor-element-34354389 elementor-widget elementor-widget-image\" data-id=\"34354389\" data-element_type=\"widget\" data-widget_type=\"image.default\">\n\t\t\t\t<div class=\"elementor-widget-container\">\n\t\t\t\t\t\t\t\t\t\t\t\t\t<img decoding=\"async\" width=\"800\" height=\"800\" src=\"https:\/\/enfamataya.org\/wp-content\/uploads\/Astrologie-Trine-d-Eau-de-George-Melies_enfamataya_org.jpg\" class=\"attachment-large size-large wp-image-4903\" alt=\"George M\u00e9li\u00e8s et le symbolisme de l&#039;Eau\" srcset=\"https:\/\/enfamataya.org\/wp-content\/uploads\/Astrologie-Trine-d-Eau-de-George-Melies_enfamataya_org.jpg 800w, https:\/\/enfamataya.org\/wp-content\/uploads\/Astrologie-Trine-d-Eau-de-George-Melies_enfamataya_org-300x300.jpg 300w, https:\/\/enfamataya.org\/wp-content\/uploads\/Astrologie-Trine-d-Eau-de-George-Melies_enfamataya_org-150x150.jpg 150w, https:\/\/enfamataya.org\/wp-content\/uploads\/Astrologie-Trine-d-Eau-de-George-Melies_enfamataya_org-768x768.jpg 768w\" sizes=\"(max-width: 800px) 100vw, 800px\" \/>\t\t\t\t\t\t\t\t\t\t\t\t\t<\/div>\n\t\t\t\t<\/div>\n\t\t\t\t\t<\/div>\n\t\t\t\t<\/div>\n\t\t<div class=\"elementor-element elementor-element-2a9d5a32 e-flex e-con-boxed e-con e-parent\" data-id=\"2a9d5a32\" data-element_type=\"container\">\n\t\t\t\t\t<div class=\"e-con-inner\">\n\t\t\t\t<div class=\"elementor-element elementor-element-5f65f7c elementor-widget elementor-widget-text-editor\" data-id=\"5f65f7c\" data-element_type=\"widget\" data-widget_type=\"text-editor.default\">\n\t\t\t\t<div class=\"elementor-widget-container\">\n\t\t\t\t\t\t\t<h3><strong>Quand \u00eatre dans la lune devient un m\u00e9tier<\/strong><\/h3><p style=\"text-align: justify;\">Pour comprendre l&rsquo;essence de ce qu&rsquo;est venu \u00eatre George M\u00e9li\u00e8s, plongeons dans\u00a0 l&rsquo;exploration de son \u00e9l\u00e9ment Eau.<\/p><p style=\"text-align: justify;\">D\u00e8s sa jeunesse, George M\u00e9li\u00e8s est fabricant de d\u00e9cors et prestidigitateur. En fait il est un <strong>r\u00eaveur<\/strong> (Lune) <strong>au service<\/strong> (Maison 6) <strong>de l&rsquo;imaginaire<\/strong> (Poissons), ce qu&rsquo;il ne cessera d&rsquo;\u00eatre toute son existence, m\u00eame quand il sera, \u00e2g\u00e9, vendeur de jouets \u00e0 la gare Montparnasse aux c\u00f4t\u00e9s de celle qu&rsquo;il faisait disparaitre sur sc\u00e8ne ou jouer sous les traits de Cl\u00e9op\u00e2tre.<\/p><p style=\"text-align: justify;\">Un imaginaire rocambolesque qui nous montre ce que peut \u00eatre un Mars en Scorpion quand on n&rsquo;y recourt pas pour gravir le Mont Blanc comme <a href=\"https:\/\/enfamataya.org\/index.php\/blog\/prenons-de-la-hauteur-avec-marie-paradis\"><strong>Marie Paradis<\/strong><\/a> et <a href=\"https:\/\/enfamataya.org\/index.php\/blog\/la-fiancee-du-mont-blanc-henriette-d-angeville\"><strong>Henriette d&rsquo;Angeville<\/strong><\/a>. Chez M\u00e9li\u00e8s il est surtout une exploration de diableries, de corps d\u00e9coup\u00e9s et de la Lune qui prend une fus\u00e9e dans l&rsquo;oeil ! Il a un don (Maison 2) pour la production (Mars) de ce grand fatras d&rsquo;illusions qui va devenir \u00e0 sa suite le cin\u00e9ma.<\/p><p style=\"text-align: justify;\"><strong>Se r\u00e9aliser<\/strong>, s&rsquo;\u00e9panouir (Part de Fortune) par son <strong>activit\u00e9 professionnelle<\/strong> (Maison 10), il le fera avec le soutien de sa <strong>famille<\/strong> et des siens (Cancer), montant le premier studio de cin\u00e9ma de France dans la propri\u00e9t\u00e9 familiale de Montreuil.<\/p><p style=\"text-align: justify;\"><strong>Mars aime \u00eatre le premier<\/strong> et George M\u00e9li\u00e8s l&rsquo;aura \u00e9t\u00e9 indubitablement, inventant encore et encore, transformant le 7\u00e8me art, n\u00e9 locomotive dans la gare de la Ciotat en une \u00e9tonnante fus\u00e9e dans un tourbillon d&rsquo;illusions&#8230;<\/p>\t\t\t\t\t\t<\/div>\n\t\t\t\t<\/div>\n\t\t\t\t\t<\/div>\n\t\t\t\t<\/div>\n\t\t<div class=\"elementor-element elementor-element-56890d18 e-flex e-con-boxed e-con e-parent\" data-id=\"56890d18\" data-element_type=\"container\">\n\t\t\t\t\t<div class=\"e-con-inner\">\n\t\t\t\t<div class=\"elementor-element elementor-element-852be1f elementor-widget elementor-widget-spacer\" data-id=\"852be1f\" data-element_type=\"widget\" data-widget_type=\"spacer.default\">\n\t\t\t\t<div class=\"elementor-widget-container\">\n\t\t\t\t\t<div class=\"elementor-spacer\">\n\t\t\t<div class=\"elementor-spacer-inner\"><\/div>\n\t\t<\/div>\n\t\t\t\t<\/div>\n\t\t\t\t<\/div>\n\t\t\t\t\t<\/div>\n\t\t\t\t<\/div>\n\t\t<div class=\"elementor-element elementor-element-d6ff533 e-flex e-con-boxed e-con e-parent\" data-id=\"d6ff533\" data-element_type=\"container\">\n\t\t\t\t\t<div class=\"e-con-inner\">\n\t\t\t\t<div class=\"elementor-element elementor-element-dfddc08 elementor-widget elementor-widget-text-editor\" data-id=\"dfddc08\" data-element_type=\"widget\" data-widget_type=\"text-editor.default\">\n\t\t\t\t<div class=\"elementor-widget-container\">\n\t\t\t\t\t\t\t<h3 style=\"text-align: center;\"><strong>Le Ciel de Naissance complet de George M\u00e9li\u00e8s<br \/><\/strong><\/h3>\t\t\t\t\t\t<\/div>\n\t\t\t\t<\/div>\n\t\t\t\t<div class=\"elementor-element elementor-element-4e043b72 elementor-widget elementor-widget-image\" data-id=\"4e043b72\" data-element_type=\"widget\" data-widget_type=\"image.default\">\n\t\t\t\t<div class=\"elementor-widget-container\">\n\t\t\t\t\t\t\t\t\t\t\t\t\t<img decoding=\"async\" width=\"800\" height=\"678\" src=\"https:\/\/enfamataya.org\/wp-content\/uploads\/Theme-astral-George-Melies_enfamataya_org-1024x868.gif\" class=\"attachment-large size-large wp-image-4904\" alt=\"Th\u00e8me astral de George M\u00e9li\u00e8s\" srcset=\"https:\/\/enfamataya.org\/wp-content\/uploads\/Theme-astral-George-Melies_enfamataya_org-1024x868.gif 1024w, https:\/\/enfamataya.org\/wp-content\/uploads\/Theme-astral-George-Melies_enfamataya_org-300x254.gif 300w, https:\/\/enfamataya.org\/wp-content\/uploads\/Theme-astral-George-Melies_enfamataya_org-768x651.gif 768w\" sizes=\"(max-width: 800px) 100vw, 800px\" \/>\t\t\t\t\t\t\t\t\t\t\t\t\t<\/div>\n\t\t\t\t<\/div>\n\t\t\t\t<div class=\"elementor-element elementor-element-6b12cfc6 elementor-widget elementor-widget-text-editor\" data-id=\"6b12cfc6\" data-element_type=\"widget\" data-widget_type=\"text-editor.default\">\n\t\t\t\t<div class=\"elementor-widget-container\">\n\t\t\t\t\t\t\t<p style=\"text-align: justify;\"><em>Texte et d\u00e9marche artistique de Benoit Patingre d&rsquo;apr\u00e8s un tableau miraculeusement retrouv\u00e9 de George M\u00e9li\u00e8s :\u00a0 Le Voyage dans la Lune (le Clair de Terre), qui a servi dans le film du m\u00eame nom en 1902. Sur le plan technique, le travail de recherche astrologique est effectu\u00e9 en syst\u00e8me tropical et domification Porphyre.<\/em><\/p><p style=\"text-align: justify;\"><em>\u00a0<\/em><\/p>\t\t\t\t\t\t<\/div>\n\t\t\t\t<\/div>\n\t\t\t\t\t<\/div>\n\t\t\t\t<\/div>\n\t\t<div class=\"elementor-element elementor-element-319c78a6 e-flex e-con-boxed e-con e-parent\" data-id=\"319c78a6\" data-element_type=\"container\">\n\t\t\t\t\t<div class=\"e-con-inner\">\n\t\t\t\t<div class=\"elementor-element elementor-element-362f4672 elementor-widget elementor-widget-spacer\" data-id=\"362f4672\" data-element_type=\"widget\" data-widget_type=\"spacer.default\">\n\t\t\t\t<div class=\"elementor-widget-container\">\n\t\t\t\t\t<div class=\"elementor-spacer\">\n\t\t\t<div class=\"elementor-spacer-inner\"><\/div>\n\t\t<\/div>\n\t\t\t\t<\/div>\n\t\t\t\t<\/div>\n\t\t\t\t\t<\/div>\n\t\t\t\t<\/div>\n\t\t<div class=\"elementor-element elementor-element-2fc51b61 e-flex e-con-boxed e-con e-parent\" data-id=\"2fc51b61\" data-element_type=\"container\">\n\t\t\t\t\t<div class=\"e-con-inner\">\n\t\t\t\t<div class=\"elementor-element elementor-element-738ad27b elementor-widget elementor-widget-text-editor\" data-id=\"738ad27b\" data-element_type=\"widget\" data-widget_type=\"text-editor.default\">\n\t\t\t\t<div class=\"elementor-widget-container\">\n\t\t\t\t\t\t\t<p style=\"text-align: center;\">Continuer votre ballade dans ce <a href=\"https:\/\/enfamataya.org\/index.php\/blog\/\">jardin de portraits<\/a> avec <strong><a href=\"https:\/\/enfamataya.org\/index.php\/blog\/cesaria-evora-un-coeur-de-blues-creole\">Cesaria Evora, un coeur de blues cr\u00e9ole<\/a> <\/strong><\/p>\t\t\t\t\t\t<\/div>\n\t\t\t\t<\/div>\n\t\t\t\t\t<\/div>\n\t\t\t\t<\/div>\n\t\t\t\t<\/div>\n\t\t","protected":false},"excerpt":{"rendered":"<p>Symbolisme des astres de George M\u00e9li\u00e8s qui sera c\u00e9l\u00e9br\u00e9 dans les film Hugo Cabret et Jack et la m\u00e9canique du coeur, un des pionniers du cin\u00e9ma. N\u2019\u00e9tant pas, selon ses propres dires, tr\u00e8s dou\u00e9 pour les affaires, il militera surtout pour la place des cr\u00e9ateurs dans le 7\u00e8me art\u2026<\/p>\n","protected":false},"author":2,"featured_media":4903,"comment_status":"open","ping_status":"open","sticky":false,"template":"","format":"standard","meta":{"footnotes":""},"categories":[59],"tags":[],"class_list":["post-4900","post","type-post","status-publish","format-standard","has-post-thumbnail","hentry","category-astres-et-sens"],"yoast_head":"<!-- This site is optimized with the Yoast SEO plugin v26.6 - https:\/\/yoast.com\/wordpress\/plugins\/seo\/ -->\n<title>Th\u00e8me astral de George M\u00e9li\u00e8s, l\u2019amoureux de la Lune - Enfamataya : Arts corporels, symboliques et \u00e9nerg\u00e9tiques<\/title>\n<meta name=\"robots\" content=\"index, follow, max-snippet:-1, max-image-preview:large, max-video-preview:-1\" \/>\n<link rel=\"canonical\" href=\"https:\/\/enfamataya.org\/index.php\/george-melies-l-amoureux-de-la-lune\/\" \/>\n<meta property=\"og:locale\" content=\"fr_FR\" \/>\n<meta property=\"og:type\" content=\"article\" \/>\n<meta property=\"og:title\" content=\"Th\u00e8me astral de George M\u00e9li\u00e8s, l\u2019amoureux de la Lune - Enfamataya : Arts corporels, symboliques et \u00e9nerg\u00e9tiques\" \/>\n<meta property=\"og:description\" content=\"Symbolisme des astres de George M\u00e9li\u00e8s qui sera c\u00e9l\u00e9br\u00e9 dans les film Hugo Cabret et Jack et la m\u00e9canique du coeur, un des pionniers du cin\u00e9ma. N\u2019\u00e9tant pas, selon ses propres dires, tr\u00e8s dou\u00e9 pour les affaires, il militera surtout pour la place des cr\u00e9ateurs dans le 7\u00e8me art\u2026\" \/>\n<meta property=\"og:url\" content=\"https:\/\/enfamataya.org\/index.php\/george-melies-l-amoureux-de-la-lune\/\" \/>\n<meta property=\"og:site_name\" content=\"Enfamataya : Arts corporels, symboliques et \u00e9nerg\u00e9tiques\" \/>\n<meta property=\"article:publisher\" content=\"https:\/\/facebook.com\/Enfamataya-249667421858356\" \/>\n<meta property=\"article:published_time\" content=\"2024-08-07T19:55:00+00:00\" \/>\n<meta property=\"article:modified_time\" content=\"2024-09-02T16:20:57+00:00\" \/>\n<meta property=\"og:image\" content=\"https:\/\/enfamataya.org\/wp-content\/uploads\/Astrologie-Trine-d-Eau-de-George-Melies_enfamataya_org.jpg\" \/>\n\t<meta property=\"og:image:width\" content=\"800\" \/>\n\t<meta property=\"og:image:height\" content=\"800\" \/>\n\t<meta property=\"og:image:type\" content=\"image\/jpeg\" \/>\n<meta name=\"author\" content=\"Benoit Patingre\" \/>\n<meta name=\"twitter:card\" content=\"summary_large_image\" \/>\n<meta name=\"twitter:label1\" content=\"\u00c9crit par\" \/>\n\t<meta name=\"twitter:data1\" content=\"Benoit Patingre\" \/>\n\t<meta name=\"twitter:label2\" content=\"Dur\u00e9e de lecture estim\u00e9e\" \/>\n\t<meta name=\"twitter:data2\" content=\"3 minutes\" \/>\n<script type=\"application\/ld+json\" class=\"yoast-schema-graph\">{\"@context\":\"https:\/\/schema.org\",\"@graph\":[{\"@type\":\"Article\",\"@id\":\"https:\/\/enfamataya.org\/index.php\/george-melies-l-amoureux-de-la-lune\/#article\",\"isPartOf\":{\"@id\":\"https:\/\/enfamataya.org\/index.php\/george-melies-l-amoureux-de-la-lune\/\"},\"author\":{\"name\":\"Benoit Patingre\",\"@id\":\"https:\/\/enfamataya.org\/#\/schema\/person\/c8357e69ab5ecb4e874835ff4677c548\"},\"headline\":\"Th\u00e8me astral de George M\u00e9li\u00e8s, l\u2019amoureux de la Lune\",\"datePublished\":\"2024-08-07T19:55:00+00:00\",\"dateModified\":\"2024-09-02T16:20:57+00:00\",\"mainEntityOfPage\":{\"@id\":\"https:\/\/enfamataya.org\/index.php\/george-melies-l-amoureux-de-la-lune\/\"},\"wordCount\":528,\"commentCount\":0,\"publisher\":{\"@id\":\"https:\/\/enfamataya.org\/#organization\"},\"image\":{\"@id\":\"https:\/\/enfamataya.org\/index.php\/george-melies-l-amoureux-de-la-lune\/#primaryimage\"},\"thumbnailUrl\":\"https:\/\/enfamataya.org\/wp-content\/uploads\/Astrologie-Trine-d-Eau-de-George-Melies_enfamataya_org.jpg\",\"articleSection\":[\"Astres et sens\"],\"inLanguage\":\"fr-FR\",\"potentialAction\":[{\"@type\":\"CommentAction\",\"name\":\"Comment\",\"target\":[\"https:\/\/enfamataya.org\/index.php\/george-melies-l-amoureux-de-la-lune\/#respond\"]}]},{\"@type\":\"WebPage\",\"@id\":\"https:\/\/enfamataya.org\/index.php\/george-melies-l-amoureux-de-la-lune\/\",\"url\":\"https:\/\/enfamataya.org\/index.php\/george-melies-l-amoureux-de-la-lune\/\",\"name\":\"Th\u00e8me astral de George M\u00e9li\u00e8s, l\u2019amoureux de la Lune - Enfamataya : Arts corporels, symboliques et \u00e9nerg\u00e9tiques\",\"isPartOf\":{\"@id\":\"https:\/\/enfamataya.org\/#website\"},\"primaryImageOfPage\":{\"@id\":\"https:\/\/enfamataya.org\/index.php\/george-melies-l-amoureux-de-la-lune\/#primaryimage\"},\"image\":{\"@id\":\"https:\/\/enfamataya.org\/index.php\/george-melies-l-amoureux-de-la-lune\/#primaryimage\"},\"thumbnailUrl\":\"https:\/\/enfamataya.org\/wp-content\/uploads\/Astrologie-Trine-d-Eau-de-George-Melies_enfamataya_org.jpg\",\"datePublished\":\"2024-08-07T19:55:00+00:00\",\"dateModified\":\"2024-09-02T16:20:57+00:00\",\"breadcrumb\":{\"@id\":\"https:\/\/enfamataya.org\/index.php\/george-melies-l-amoureux-de-la-lune\/#breadcrumb\"},\"inLanguage\":\"fr-FR\",\"potentialAction\":[{\"@type\":\"ReadAction\",\"target\":[\"https:\/\/enfamataya.org\/index.php\/george-melies-l-amoureux-de-la-lune\/\"]}]},{\"@type\":\"ImageObject\",\"inLanguage\":\"fr-FR\",\"@id\":\"https:\/\/enfamataya.org\/index.php\/george-melies-l-amoureux-de-la-lune\/#primaryimage\",\"url\":\"https:\/\/enfamataya.org\/wp-content\/uploads\/Astrologie-Trine-d-Eau-de-George-Melies_enfamataya_org.jpg\",\"contentUrl\":\"https:\/\/enfamataya.org\/wp-content\/uploads\/Astrologie-Trine-d-Eau-de-George-Melies_enfamataya_org.jpg\",\"width\":800,\"height\":800,\"caption\":\"George M\u00e9li\u00e8s et le symbolisme de l'Eau\"},{\"@type\":\"BreadcrumbList\",\"@id\":\"https:\/\/enfamataya.org\/index.php\/george-melies-l-amoureux-de-la-lune\/#breadcrumb\",\"itemListElement\":[{\"@type\":\"ListItem\",\"position\":1,\"name\":\"Accueil\",\"item\":\"https:\/\/enfamataya.org\/\"},{\"@type\":\"ListItem\",\"position\":2,\"name\":\"Th\u00e8me astral de George M\u00e9li\u00e8s, l\u2019amoureux de la Lune\"}]},{\"@type\":\"WebSite\",\"@id\":\"https:\/\/enfamataya.org\/#website\",\"url\":\"https:\/\/enfamataya.org\/\",\"name\":\"Enfamataya : Arts corporels, symboliques et \u00e9nerg\u00e9tiques\",\"description\":\"Des formations, de l&#039;accompagnement, des astres et du sens\",\"publisher\":{\"@id\":\"https:\/\/enfamataya.org\/#organization\"},\"potentialAction\":[{\"@type\":\"SearchAction\",\"target\":{\"@type\":\"EntryPoint\",\"urlTemplate\":\"https:\/\/enfamataya.org\/?s={search_term_string}\"},\"query-input\":{\"@type\":\"PropertyValueSpecification\",\"valueRequired\":true,\"valueName\":\"search_term_string\"}}],\"inLanguage\":\"fr-FR\"},{\"@type\":\"Organization\",\"@id\":\"https:\/\/enfamataya.org\/#organization\",\"name\":\"Enfamataya\",\"url\":\"https:\/\/enfamataya.org\/\",\"logo\":{\"@type\":\"ImageObject\",\"inLanguage\":\"fr-FR\",\"@id\":\"https:\/\/enfamataya.org\/#\/schema\/logo\/image\/\",\"url\":\"https:\/\/enfamataya.org\/wp-content\/uploads\/2023\/07\/Logo-TYPOGRAPHIQUE-enfamataya.png\",\"contentUrl\":\"https:\/\/enfamataya.org\/wp-content\/uploads\/2023\/07\/Logo-TYPOGRAPHIQUE-enfamataya.png\",\"width\":1596,\"height\":272,\"caption\":\"Enfamataya\"},\"image\":{\"@id\":\"https:\/\/enfamataya.org\/#\/schema\/logo\/image\/\"},\"sameAs\":[\"https:\/\/facebook.com\/Enfamataya-249667421858356\",\"https:\/\/www.instagram.com\/enfamataya_insta\/\",\"https:\/\/www.youtube.com\/@enfamataya\",\"https:\/\/www.tiktok.com\/@enfamataya\"]},{\"@type\":\"Person\",\"@id\":\"https:\/\/enfamataya.org\/#\/schema\/person\/c8357e69ab5ecb4e874835ff4677c548\",\"name\":\"Benoit Patingre\",\"image\":{\"@type\":\"ImageObject\",\"inLanguage\":\"fr-FR\",\"@id\":\"https:\/\/enfamataya.org\/#\/schema\/person\/image\/\",\"url\":\"https:\/\/secure.gravatar.com\/avatar\/a1768f67c7d8ddfd40f59e685a2a7bc00c29be433310cfda3516b0bcaf9e68fa?s=96&d=blank&r=g\",\"contentUrl\":\"https:\/\/secure.gravatar.com\/avatar\/a1768f67c7d8ddfd40f59e685a2a7bc00c29be433310cfda3516b0bcaf9e68fa?s=96&d=blank&r=g\",\"caption\":\"Benoit Patingre\"},\"sameAs\":[\"https:\/\/enfamataya.org\/index.php\/contact\/\"],\"url\":\"https:\/\/enfamataya.org\/index.php\/author\/afondlesbananes\/\"}]}<\/script>\n<!-- \/ Yoast SEO plugin. -->","yoast_head_json":{"title":"Th\u00e8me astral de George M\u00e9li\u00e8s, l\u2019amoureux de la Lune - Enfamataya : Arts corporels, symboliques et \u00e9nerg\u00e9tiques","robots":{"index":"index","follow":"follow","max-snippet":"max-snippet:-1","max-image-preview":"max-image-preview:large","max-video-preview":"max-video-preview:-1"},"canonical":"https:\/\/enfamataya.org\/index.php\/george-melies-l-amoureux-de-la-lune\/","og_locale":"fr_FR","og_type":"article","og_title":"Th\u00e8me astral de George M\u00e9li\u00e8s, l\u2019amoureux de la Lune - Enfamataya : Arts corporels, symboliques et \u00e9nerg\u00e9tiques","og_description":"Symbolisme des astres de George M\u00e9li\u00e8s qui sera c\u00e9l\u00e9br\u00e9 dans les film Hugo Cabret et Jack et la m\u00e9canique du coeur, un des pionniers du cin\u00e9ma. N\u2019\u00e9tant pas, selon ses propres dires, tr\u00e8s dou\u00e9 pour les affaires, il militera surtout pour la place des cr\u00e9ateurs dans le 7\u00e8me art\u2026","og_url":"https:\/\/enfamataya.org\/index.php\/george-melies-l-amoureux-de-la-lune\/","og_site_name":"Enfamataya : Arts corporels, symboliques et \u00e9nerg\u00e9tiques","article_publisher":"https:\/\/facebook.com\/Enfamataya-249667421858356","article_published_time":"2024-08-07T19:55:00+00:00","article_modified_time":"2024-09-02T16:20:57+00:00","og_image":[{"width":800,"height":800,"url":"https:\/\/enfamataya.org\/wp-content\/uploads\/Astrologie-Trine-d-Eau-de-George-Melies_enfamataya_org.jpg","type":"image\/jpeg"}],"author":"Benoit Patingre","twitter_card":"summary_large_image","twitter_misc":{"\u00c9crit par":"Benoit Patingre","Dur\u00e9e de lecture estim\u00e9e":"3 minutes"},"schema":{"@context":"https:\/\/schema.org","@graph":[{"@type":"Article","@id":"https:\/\/enfamataya.org\/index.php\/george-melies-l-amoureux-de-la-lune\/#article","isPartOf":{"@id":"https:\/\/enfamataya.org\/index.php\/george-melies-l-amoureux-de-la-lune\/"},"author":{"name":"Benoit Patingre","@id":"https:\/\/enfamataya.org\/#\/schema\/person\/c8357e69ab5ecb4e874835ff4677c548"},"headline":"Th\u00e8me astral de George M\u00e9li\u00e8s, l\u2019amoureux de la Lune","datePublished":"2024-08-07T19:55:00+00:00","dateModified":"2024-09-02T16:20:57+00:00","mainEntityOfPage":{"@id":"https:\/\/enfamataya.org\/index.php\/george-melies-l-amoureux-de-la-lune\/"},"wordCount":528,"commentCount":0,"publisher":{"@id":"https:\/\/enfamataya.org\/#organization"},"image":{"@id":"https:\/\/enfamataya.org\/index.php\/george-melies-l-amoureux-de-la-lune\/#primaryimage"},"thumbnailUrl":"https:\/\/enfamataya.org\/wp-content\/uploads\/Astrologie-Trine-d-Eau-de-George-Melies_enfamataya_org.jpg","articleSection":["Astres et sens"],"inLanguage":"fr-FR","potentialAction":[{"@type":"CommentAction","name":"Comment","target":["https:\/\/enfamataya.org\/index.php\/george-melies-l-amoureux-de-la-lune\/#respond"]}]},{"@type":"WebPage","@id":"https:\/\/enfamataya.org\/index.php\/george-melies-l-amoureux-de-la-lune\/","url":"https:\/\/enfamataya.org\/index.php\/george-melies-l-amoureux-de-la-lune\/","name":"Th\u00e8me astral de George M\u00e9li\u00e8s, l\u2019amoureux de la Lune - Enfamataya : Arts corporels, symboliques et \u00e9nerg\u00e9tiques","isPartOf":{"@id":"https:\/\/enfamataya.org\/#website"},"primaryImageOfPage":{"@id":"https:\/\/enfamataya.org\/index.php\/george-melies-l-amoureux-de-la-lune\/#primaryimage"},"image":{"@id":"https:\/\/enfamataya.org\/index.php\/george-melies-l-amoureux-de-la-lune\/#primaryimage"},"thumbnailUrl":"https:\/\/enfamataya.org\/wp-content\/uploads\/Astrologie-Trine-d-Eau-de-George-Melies_enfamataya_org.jpg","datePublished":"2024-08-07T19:55:00+00:00","dateModified":"2024-09-02T16:20:57+00:00","breadcrumb":{"@id":"https:\/\/enfamataya.org\/index.php\/george-melies-l-amoureux-de-la-lune\/#breadcrumb"},"inLanguage":"fr-FR","potentialAction":[{"@type":"ReadAction","target":["https:\/\/enfamataya.org\/index.php\/george-melies-l-amoureux-de-la-lune\/"]}]},{"@type":"ImageObject","inLanguage":"fr-FR","@id":"https:\/\/enfamataya.org\/index.php\/george-melies-l-amoureux-de-la-lune\/#primaryimage","url":"https:\/\/enfamataya.org\/wp-content\/uploads\/Astrologie-Trine-d-Eau-de-George-Melies_enfamataya_org.jpg","contentUrl":"https:\/\/enfamataya.org\/wp-content\/uploads\/Astrologie-Trine-d-Eau-de-George-Melies_enfamataya_org.jpg","width":800,"height":800,"caption":"George M\u00e9li\u00e8s et le symbolisme de l'Eau"},{"@type":"BreadcrumbList","@id":"https:\/\/enfamataya.org\/index.php\/george-melies-l-amoureux-de-la-lune\/#breadcrumb","itemListElement":[{"@type":"ListItem","position":1,"name":"Accueil","item":"https:\/\/enfamataya.org\/"},{"@type":"ListItem","position":2,"name":"Th\u00e8me astral de George M\u00e9li\u00e8s, l\u2019amoureux de la Lune"}]},{"@type":"WebSite","@id":"https:\/\/enfamataya.org\/#website","url":"https:\/\/enfamataya.org\/","name":"Enfamataya : Arts corporels, symboliques et \u00e9nerg\u00e9tiques","description":"Des formations, de l&#039;accompagnement, des astres et du sens","publisher":{"@id":"https:\/\/enfamataya.org\/#organization"},"potentialAction":[{"@type":"SearchAction","target":{"@type":"EntryPoint","urlTemplate":"https:\/\/enfamataya.org\/?s={search_term_string}"},"query-input":{"@type":"PropertyValueSpecification","valueRequired":true,"valueName":"search_term_string"}}],"inLanguage":"fr-FR"},{"@type":"Organization","@id":"https:\/\/enfamataya.org\/#organization","name":"Enfamataya","url":"https:\/\/enfamataya.org\/","logo":{"@type":"ImageObject","inLanguage":"fr-FR","@id":"https:\/\/enfamataya.org\/#\/schema\/logo\/image\/","url":"https:\/\/enfamataya.org\/wp-content\/uploads\/2023\/07\/Logo-TYPOGRAPHIQUE-enfamataya.png","contentUrl":"https:\/\/enfamataya.org\/wp-content\/uploads\/2023\/07\/Logo-TYPOGRAPHIQUE-enfamataya.png","width":1596,"height":272,"caption":"Enfamataya"},"image":{"@id":"https:\/\/enfamataya.org\/#\/schema\/logo\/image\/"},"sameAs":["https:\/\/facebook.com\/Enfamataya-249667421858356","https:\/\/www.instagram.com\/enfamataya_insta\/","https:\/\/www.youtube.com\/@enfamataya","https:\/\/www.tiktok.com\/@enfamataya"]},{"@type":"Person","@id":"https:\/\/enfamataya.org\/#\/schema\/person\/c8357e69ab5ecb4e874835ff4677c548","name":"Benoit Patingre","image":{"@type":"ImageObject","inLanguage":"fr-FR","@id":"https:\/\/enfamataya.org\/#\/schema\/person\/image\/","url":"https:\/\/secure.gravatar.com\/avatar\/a1768f67c7d8ddfd40f59e685a2a7bc00c29be433310cfda3516b0bcaf9e68fa?s=96&d=blank&r=g","contentUrl":"https:\/\/secure.gravatar.com\/avatar\/a1768f67c7d8ddfd40f59e685a2a7bc00c29be433310cfda3516b0bcaf9e68fa?s=96&d=blank&r=g","caption":"Benoit Patingre"},"sameAs":["https:\/\/enfamataya.org\/index.php\/contact\/"],"url":"https:\/\/enfamataya.org\/index.php\/author\/afondlesbananes\/"}]}},"_links":{"self":[{"href":"https:\/\/enfamataya.org\/index.php\/wp-json\/wp\/v2\/posts\/4900","targetHints":{"allow":["GET"]}}],"collection":[{"href":"https:\/\/enfamataya.org\/index.php\/wp-json\/wp\/v2\/posts"}],"about":[{"href":"https:\/\/enfamataya.org\/index.php\/wp-json\/wp\/v2\/types\/post"}],"author":[{"embeddable":true,"href":"https:\/\/enfamataya.org\/index.php\/wp-json\/wp\/v2\/users\/2"}],"replies":[{"embeddable":true,"href":"https:\/\/enfamataya.org\/index.php\/wp-json\/wp\/v2\/comments?post=4900"}],"version-history":[{"count":14,"href":"https:\/\/enfamataya.org\/index.php\/wp-json\/wp\/v2\/posts\/4900\/revisions"}],"predecessor-version":[{"id":6755,"href":"https:\/\/enfamataya.org\/index.php\/wp-json\/wp\/v2\/posts\/4900\/revisions\/6755"}],"wp:featuredmedia":[{"embeddable":true,"href":"https:\/\/enfamataya.org\/index.php\/wp-json\/wp\/v2\/media\/4903"}],"wp:attachment":[{"href":"https:\/\/enfamataya.org\/index.php\/wp-json\/wp\/v2\/media?parent=4900"}],"wp:term":[{"taxonomy":"category","embeddable":true,"href":"https:\/\/enfamataya.org\/index.php\/wp-json\/wp\/v2\/categories?post=4900"},{"taxonomy":"post_tag","embeddable":true,"href":"https:\/\/enfamataya.org\/index.php\/wp-json\/wp\/v2\/tags?post=4900"}],"curies":[{"name":"wp","href":"https:\/\/api.w.org\/{rel}","templated":true}]}}